{"id":731,"date":"2022-05-05T09:23:15","date_gmt":"2022-05-05T07:23:15","guid":{"rendered":"https:\/\/szkolydoktorskie.uwb.edu.pl\/nh\/?p=731"},"modified":"2022-05-06T13:13:15","modified_gmt":"2022-05-06T11:13:15","slug":"artystyczne-refleksy-zaglady-miedzy-poetyka-wyciszenia-a-poetyka-kiczu","status":"publish","type":"post","link":"https:\/\/szkolydoktorskie.uwb.edu.pl\/nh\/2022\/05\/05\/artystyczne-refleksy-zaglady-miedzy-poetyka-wyciszenia-a-poetyka-kiczu\/","title":{"rendered":"Artystyczne refleksy Zag\u0142ady. Mi\u0119dzy poetyk\u0105 wyciszenia a poetyk\u0105 kiczu."},"content":{"rendered":"\n<p>Katedra Poetyki Intersemiotycznej i Komparatystyki Medi\u00f3w Instytutu Nauk o Kulturze i Religii WNH UKSW oraz Redakcja czasopisma naukowego \u201eZa\u0142\u0105cznik Kulturoznawczy&#8221; organizuje <strong>23.09.2022 r.<\/strong> konferencj\u0119 naukow\u0105 <strong><em>Artystyczne refleksy Zag\u0142ady. Mi\u0119dzy poetyk\u0105 wyciszenia a poetyk\u0105 kiczu<\/em><\/strong>.<\/p>\n\n\n\n<p><\/p>\n\n\n\n<p><a href=\"https:\/\/szkolydoktorskie.uwb.edu.pl\/nh\/wp-content\/uploads\/sites\/3\/2022\/05\/ZAGLADA.Kicz-i-wyciszenie_zajawka.pdf\">Link<\/a><\/p>\n","protected":false},"excerpt":{"rendered":"<p>Katedra Poetyki Intersemiotycznej i Komparatystyki Medi\u00f3w Instytutu Nauk o Kulturze i Religii WNH UKSW oraz Redakcja czasopisma naukowego \u201eZa\u0142\u0105cznik Kulturoznawczy&#8221; organizuje 23.09.2022 r. konferencj\u0119 naukow\u0105 Artystyczne refleksy Zag\u0142ady. Mi\u0119dzy poetyk\u0105&hellip;<\/p>\n","protected":false},"author":5,"featured_media":0,"comment_status":"closed","ping_status":"open","sticky":false,"template":"","format":"standard","meta":{"footnotes":""},"categories":[5],"tags":[],"class_list":["post-731","post","type-post","status-publish","format-standard","hentry","category-konferencje"],"yoast_head":"<!-- This site is optimized with the Yoast SEO plugin v27.5 - https:\/\/yoast.com\/product\/yoast-seo-wordpress\/ -->\n<title>Artystyczne refleksy Zag\u0142ady. Mi\u0119dzy poetyk\u0105 wyciszenia a poetyk\u0105 kiczu. - Szko\u0142a Doktorska Nauk Humanistycznych UwB<\/title>\n<meta name=\"robots\" content=\"index, follow, max-snippet:-1, max-image-preview:large, max-video-preview:-1\" \/>\n<link rel=\"canonical\" href=\"https:\/\/szkolydoktorskie.uwb.edu.pl\/nh\/2022\/05\/05\/artystyczne-refleksy-zaglady-miedzy-poetyka-wyciszenia-a-poetyka-kiczu\/\" \/>\n<meta property=\"og:locale\" content=\"pl_PL\" \/>\n<meta property=\"og:type\" content=\"article\" \/>\n<meta property=\"og:title\" content=\"Artystyczne refleksy Zag\u0142ady. Mi\u0119dzy poetyk\u0105 wyciszenia a poetyk\u0105 kiczu. - Szko\u0142a Doktorska Nauk Humanistycznych UwB\" \/>\n<meta property=\"og:description\" content=\"Katedra Poetyki Intersemiotycznej i Komparatystyki Medi\u00f3w Instytutu Nauk o Kulturze i Religii WNH UKSW oraz Redakcja czasopisma naukowego \u201eZa\u0142\u0105cznik Kulturoznawczy&#8221; organizuje 23.09.2022 r. konferencj\u0119 naukow\u0105 Artystyczne refleksy Zag\u0142ady. Mi\u0119dzy poetyk\u0105&hellip;\" \/>\n<meta property=\"og:url\" content=\"https:\/\/szkolydoktorskie.uwb.edu.pl\/nh\/2022\/05\/05\/artystyczne-refleksy-zaglady-miedzy-poetyka-wyciszenia-a-poetyka-kiczu\/\" \/>\n<meta property=\"og:site_name\" content=\"Szko\u0142a Doktorska Nauk Humanistycznych UwB\" \/>\n<meta property=\"article:published_time\" content=\"2022-05-05T07:23:15+00:00\" \/>\n<meta property=\"article:modified_time\" content=\"2022-05-06T11:13:15+00:00\" \/>\n<meta name=\"author\" content=\"askrodzka\" \/>\n<meta name=\"twitter:card\" content=\"summary_large_image\" \/>\n<meta name=\"twitter:label1\" content=\"Napisane przez\" \/>\n\t<meta name=\"twitter:data1\" content=\"askrodzka\" \/>\n\t<meta name=\"twitter:label2\" content=\"Szacowany czas czytania\" \/>\n\t<meta name=\"twitter:data2\" content=\"1 minuta\" \/>\n<script type=\"application\/ld+json\" class=\"yoast-schema-graph\">{\"@context\":\"https:\\\/\\\/schema.org\",\"@graph\":[{\"@type\":\"Article\",\"@id\":\"https:\\\/\\\/szkolydoktorskie.uwb.edu.pl\\\/nh\\\/2022\\\/05\\\/05\\\/artystyczne-refleksy-zaglady-miedzy-poetyka-wyciszenia-a-poetyka-kiczu\\\/#article\",\"isPartOf\":{\"@id\":\"https:\\\/\\\/szkolydoktorskie.uwb.edu.pl\\\/nh\\\/2022\\\/05\\\/05\\\/artystyczne-refleksy-zaglady-miedzy-poetyka-wyciszenia-a-poetyka-kiczu\\\/\"},\"author\":{\"name\":\"askrodzka\",\"@id\":\"https:\\\/\\\/szkolydoktorskie.uwb.edu.pl\\\/nh\\\/#\\\/schema\\\/person\\\/3dfe605b8db13be7b974074309b98d0d\"},\"headline\":\"Artystyczne refleksy Zag\u0142ady. Mi\u0119dzy poetyk\u0105 wyciszenia a poetyk\u0105 kiczu.\",\"datePublished\":\"2022-05-05T07:23:15+00:00\",\"dateModified\":\"2022-05-06T11:13:15+00:00\",\"mainEntityOfPage\":{\"@id\":\"https:\\\/\\\/szkolydoktorskie.uwb.edu.pl\\\/nh\\\/2022\\\/05\\\/05\\\/artystyczne-refleksy-zaglady-miedzy-poetyka-wyciszenia-a-poetyka-kiczu\\\/\"},\"wordCount\":49,\"publisher\":{\"@id\":\"https:\\\/\\\/szkolydoktorskie.uwb.edu.pl\\\/nh\\\/#organization\"},\"articleSection\":[\"Konferencje\"],\"inLanguage\":\"pl-PL\"},{\"@type\":\"WebPage\",\"@id\":\"https:\\\/\\\/szkolydoktorskie.uwb.edu.pl\\\/nh\\\/2022\\\/05\\\/05\\\/artystyczne-refleksy-zaglady-miedzy-poetyka-wyciszenia-a-poetyka-kiczu\\\/\",\"url\":\"https:\\\/\\\/szkolydoktorskie.uwb.edu.pl\\\/nh\\\/2022\\\/05\\\/05\\\/artystyczne-refleksy-zaglady-miedzy-poetyka-wyciszenia-a-poetyka-kiczu\\\/\",\"name\":\"Artystyczne refleksy Zag\u0142ady. Mi\u0119dzy poetyk\u0105 wyciszenia a poetyk\u0105 kiczu. - Szko\u0142a Doktorska Nauk Humanistycznych UwB\",\"isPartOf\":{\"@id\":\"https:\\\/\\\/szkolydoktorskie.uwb.edu.pl\\\/nh\\\/#website\"},\"datePublished\":\"2022-05-05T07:23:15+00:00\",\"dateModified\":\"2022-05-06T11:13:15+00:00\",\"breadcrumb\":{\"@id\":\"https:\\\/\\\/szkolydoktorskie.uwb.edu.pl\\\/nh\\\/2022\\\/05\\\/05\\\/artystyczne-refleksy-zaglady-miedzy-poetyka-wyciszenia-a-poetyka-kiczu\\\/#breadcrumb\"},\"inLanguage\":\"pl-PL\",\"potentialAction\":[{\"@type\":\"ReadAction\",\"target\":[\"https:\\\/\\\/szkolydoktorskie.uwb.edu.pl\\\/nh\\\/2022\\\/05\\\/05\\\/artystyczne-refleksy-zaglady-miedzy-poetyka-wyciszenia-a-poetyka-kiczu\\\/\"]}]},{\"@type\":\"BreadcrumbList\",\"@id\":\"https:\\\/\\\/szkolydoktorskie.uwb.edu.pl\\\/nh\\\/2022\\\/05\\\/05\\\/artystyczne-refleksy-zaglady-miedzy-poetyka-wyciszenia-a-poetyka-kiczu\\\/#breadcrumb\",\"itemListElement\":[{\"@type\":\"ListItem\",\"position\":1,\"name\":\"Strona g\u0142\u00f3wna\",\"item\":\"https:\\\/\\\/szkolydoktorskie.uwb.edu.pl\\\/nh\\\/\"},{\"@type\":\"ListItem\",\"position\":2,\"name\":\"Artystyczne refleksy Zag\u0142ady. Mi\u0119dzy poetyk\u0105 wyciszenia a poetyk\u0105 kiczu.\"}]},{\"@type\":\"WebSite\",\"@id\":\"https:\\\/\\\/szkolydoktorskie.uwb.edu.pl\\\/nh\\\/#website\",\"url\":\"https:\\\/\\\/szkolydoktorskie.uwb.edu.pl\\\/nh\\\/\",\"name\":\"Szko\u0142a Doktorska Nauk Humanistycznych UwB\",\"description\":\"Szko\u0142a Doktorska Nauk Humanistycznych UwB\",\"publisher\":{\"@id\":\"https:\\\/\\\/szkolydoktorskie.uwb.edu.pl\\\/nh\\\/#organization\"},\"potentialAction\":[{\"@type\":\"SearchAction\",\"target\":{\"@type\":\"EntryPoint\",\"urlTemplate\":\"https:\\\/\\\/szkolydoktorskie.uwb.edu.pl\\\/nh\\\/?s={search_term_string}\"},\"query-input\":{\"@type\":\"PropertyValueSpecification\",\"valueRequired\":true,\"valueName\":\"search_term_string\"}}],\"inLanguage\":\"pl-PL\"},{\"@type\":\"Organization\",\"@id\":\"https:\\\/\\\/szkolydoktorskie.uwb.edu.pl\\\/nh\\\/#organization\",\"name\":\"Szko\u0142a Doktorska Nauk Humanistycznych UwB\",\"url\":\"https:\\\/\\\/szkolydoktorskie.uwb.edu.pl\\\/nh\\\/\",\"logo\":{\"@type\":\"ImageObject\",\"inLanguage\":\"pl-PL\",\"@id\":\"https:\\\/\\\/szkolydoktorskie.uwb.edu.pl\\\/nh\\\/#\\\/schema\\\/logo\\\/image\\\/\",\"url\":\"https:\\\/\\\/szkolydoktorskie.uwb.edu.pl\\\/nh\\\/wp-content\\\/uploads\\\/sites\\\/3\\\/2021\\\/04\\\/cropped-SH-LOGO.png\",\"contentUrl\":\"https:\\\/\\\/szkolydoktorskie.uwb.edu.pl\\\/nh\\\/wp-content\\\/uploads\\\/sites\\\/3\\\/2021\\\/04\\\/cropped-SH-LOGO.png\",\"width\":705,\"height\":188,\"caption\":\"Szko\u0142a Doktorska Nauk Humanistycznych UwB\"},\"image\":{\"@id\":\"https:\\\/\\\/szkolydoktorskie.uwb.edu.pl\\\/nh\\\/#\\\/schema\\\/logo\\\/image\\\/\"}},{\"@type\":\"Person\",\"@id\":\"https:\\\/\\\/szkolydoktorskie.uwb.edu.pl\\\/nh\\\/#\\\/schema\\\/person\\\/3dfe605b8db13be7b974074309b98d0d\",\"name\":\"askrodzka\",\"image\":{\"@type\":\"ImageObject\",\"inLanguage\":\"pl-PL\",\"@id\":\"https:\\\/\\\/secure.gravatar.com\\\/avatar\\\/e8e3ddd98836947b4dfa79ae3473b3f52e9b8d387a002713c814e433882b9990?s=96&d=mm&r=g\",\"url\":\"https:\\\/\\\/secure.gravatar.com\\\/avatar\\\/e8e3ddd98836947b4dfa79ae3473b3f52e9b8d387a002713c814e433882b9990?s=96&d=mm&r=g\",\"contentUrl\":\"https:\\\/\\\/secure.gravatar.com\\\/avatar\\\/e8e3ddd98836947b4dfa79ae3473b3f52e9b8d387a002713c814e433882b9990?s=96&d=mm&r=g\",\"caption\":\"askrodzka\"},\"url\":\"https:\\\/\\\/szkolydoktorskie.uwb.edu.pl\\\/nh\\\/author\\\/askrodzka\\\/\"}]}<\/script>\n<!-- \/ Yoast SEO plugin. -->","yoast_head_json":{"title":"Artystyczne refleksy Zag\u0142ady. Mi\u0119dzy poetyk\u0105 wyciszenia a poetyk\u0105 kiczu. - Szko\u0142a Doktorska Nauk Humanistycznych UwB","robots":{"index":"index","follow":"follow","max-snippet":"max-snippet:-1","max-image-preview":"max-image-preview:large","max-video-preview":"max-video-preview:-1"},"canonical":"https:\/\/szkolydoktorskie.uwb.edu.pl\/nh\/2022\/05\/05\/artystyczne-refleksy-zaglady-miedzy-poetyka-wyciszenia-a-poetyka-kiczu\/","og_locale":"pl_PL","og_type":"article","og_title":"Artystyczne refleksy Zag\u0142ady. Mi\u0119dzy poetyk\u0105 wyciszenia a poetyk\u0105 kiczu. - Szko\u0142a Doktorska Nauk Humanistycznych UwB","og_description":"Katedra Poetyki Intersemiotycznej i Komparatystyki Medi\u00f3w Instytutu Nauk o Kulturze i Religii WNH UKSW oraz Redakcja czasopisma naukowego \u201eZa\u0142\u0105cznik Kulturoznawczy&#8221; organizuje 23.09.2022 r. konferencj\u0119 naukow\u0105 Artystyczne refleksy Zag\u0142ady. Mi\u0119dzy poetyk\u0105&hellip;","og_url":"https:\/\/szkolydoktorskie.uwb.edu.pl\/nh\/2022\/05\/05\/artystyczne-refleksy-zaglady-miedzy-poetyka-wyciszenia-a-poetyka-kiczu\/","og_site_name":"Szko\u0142a Doktorska Nauk Humanistycznych UwB","article_published_time":"2022-05-05T07:23:15+00:00","article_modified_time":"2022-05-06T11:13:15+00:00","author":"askrodzka","twitter_card":"summary_large_image","twitter_misc":{"Napisane przez":"askrodzka","Szacowany czas czytania":"1 minuta"},"schema":{"@context":"https:\/\/schema.org","@graph":[{"@type":"Article","@id":"https:\/\/szkolydoktorskie.uwb.edu.pl\/nh\/2022\/05\/05\/artystyczne-refleksy-zaglady-miedzy-poetyka-wyciszenia-a-poetyka-kiczu\/#article","isPartOf":{"@id":"https:\/\/szkolydoktorskie.uwb.edu.pl\/nh\/2022\/05\/05\/artystyczne-refleksy-zaglady-miedzy-poetyka-wyciszenia-a-poetyka-kiczu\/"},"author":{"name":"askrodzka","@id":"https:\/\/szkolydoktorskie.uwb.edu.pl\/nh\/#\/schema\/person\/3dfe605b8db13be7b974074309b98d0d"},"headline":"Artystyczne refleksy Zag\u0142ady. Mi\u0119dzy poetyk\u0105 wyciszenia a poetyk\u0105 kiczu.","datePublished":"2022-05-05T07:23:15+00:00","dateModified":"2022-05-06T11:13:15+00:00","mainEntityOfPage":{"@id":"https:\/\/szkolydoktorskie.uwb.edu.pl\/nh\/2022\/05\/05\/artystyczne-refleksy-zaglady-miedzy-poetyka-wyciszenia-a-poetyka-kiczu\/"},"wordCount":49,"publisher":{"@id":"https:\/\/szkolydoktorskie.uwb.edu.pl\/nh\/#organization"},"articleSection":["Konferencje"],"inLanguage":"pl-PL"},{"@type":"WebPage","@id":"https:\/\/szkolydoktorskie.uwb.edu.pl\/nh\/2022\/05\/05\/artystyczne-refleksy-zaglady-miedzy-poetyka-wyciszenia-a-poetyka-kiczu\/","url":"https:\/\/szkolydoktorskie.uwb.edu.pl\/nh\/2022\/05\/05\/artystyczne-refleksy-zaglady-miedzy-poetyka-wyciszenia-a-poetyka-kiczu\/","name":"Artystyczne refleksy Zag\u0142ady. Mi\u0119dzy poetyk\u0105 wyciszenia a poetyk\u0105 kiczu. - Szko\u0142a Doktorska Nauk Humanistycznych UwB","isPartOf":{"@id":"https:\/\/szkolydoktorskie.uwb.edu.pl\/nh\/#website"},"datePublished":"2022-05-05T07:23:15+00:00","dateModified":"2022-05-06T11:13:15+00:00","breadcrumb":{"@id":"https:\/\/szkolydoktorskie.uwb.edu.pl\/nh\/2022\/05\/05\/artystyczne-refleksy-zaglady-miedzy-poetyka-wyciszenia-a-poetyka-kiczu\/#breadcrumb"},"inLanguage":"pl-PL","potentialAction":[{"@type":"ReadAction","target":["https:\/\/szkolydoktorskie.uwb.edu.pl\/nh\/2022\/05\/05\/artystyczne-refleksy-zaglady-miedzy-poetyka-wyciszenia-a-poetyka-kiczu\/"]}]},{"@type":"BreadcrumbList","@id":"https:\/\/szkolydoktorskie.uwb.edu.pl\/nh\/2022\/05\/05\/artystyczne-refleksy-zaglady-miedzy-poetyka-wyciszenia-a-poetyka-kiczu\/#breadcrumb","itemListElement":[{"@type":"ListItem","position":1,"name":"Strona g\u0142\u00f3wna","item":"https:\/\/szkolydoktorskie.uwb.edu.pl\/nh\/"},{"@type":"ListItem","position":2,"name":"Artystyczne refleksy Zag\u0142ady. Mi\u0119dzy poetyk\u0105 wyciszenia a poetyk\u0105 kiczu."}]},{"@type":"WebSite","@id":"https:\/\/szkolydoktorskie.uwb.edu.pl\/nh\/#website","url":"https:\/\/szkolydoktorskie.uwb.edu.pl\/nh\/","name":"Szko\u0142a Doktorska Nauk Humanistycznych UwB","description":"Szko\u0142a Doktorska Nauk Humanistycznych UwB","publisher":{"@id":"https:\/\/szkolydoktorskie.uwb.edu.pl\/nh\/#organization"},"potentialAction":[{"@type":"SearchAction","target":{"@type":"EntryPoint","urlTemplate":"https:\/\/szkolydoktorskie.uwb.edu.pl\/nh\/?s={search_term_string}"},"query-input":{"@type":"PropertyValueSpecification","valueRequired":true,"valueName":"search_term_string"}}],"inLanguage":"pl-PL"},{"@type":"Organization","@id":"https:\/\/szkolydoktorskie.uwb.edu.pl\/nh\/#organization","name":"Szko\u0142a Doktorska Nauk Humanistycznych UwB","url":"https:\/\/szkolydoktorskie.uwb.edu.pl\/nh\/","logo":{"@type":"ImageObject","inLanguage":"pl-PL","@id":"https:\/\/szkolydoktorskie.uwb.edu.pl\/nh\/#\/schema\/logo\/image\/","url":"https:\/\/szkolydoktorskie.uwb.edu.pl\/nh\/wp-content\/uploads\/sites\/3\/2021\/04\/cropped-SH-LOGO.png","contentUrl":"https:\/\/szkolydoktorskie.uwb.edu.pl\/nh\/wp-content\/uploads\/sites\/3\/2021\/04\/cropped-SH-LOGO.png","width":705,"height":188,"caption":"Szko\u0142a Doktorska Nauk Humanistycznych UwB"},"image":{"@id":"https:\/\/szkolydoktorskie.uwb.edu.pl\/nh\/#\/schema\/logo\/image\/"}},{"@type":"Person","@id":"https:\/\/szkolydoktorskie.uwb.edu.pl\/nh\/#\/schema\/person\/3dfe605b8db13be7b974074309b98d0d","name":"askrodzka","image":{"@type":"ImageObject","inLanguage":"pl-PL","@id":"https:\/\/secure.gravatar.com\/avatar\/e8e3ddd98836947b4dfa79ae3473b3f52e9b8d387a002713c814e433882b9990?s=96&d=mm&r=g","url":"https:\/\/secure.gravatar.com\/avatar\/e8e3ddd98836947b4dfa79ae3473b3f52e9b8d387a002713c814e433882b9990?s=96&d=mm&r=g","contentUrl":"https:\/\/secure.gravatar.com\/avatar\/e8e3ddd98836947b4dfa79ae3473b3f52e9b8d387a002713c814e433882b9990?s=96&d=mm&r=g","caption":"askrodzka"},"url":"https:\/\/szkolydoktorskie.uwb.edu.pl\/nh\/author\/askrodzka\/"}]}},"_links":{"self":[{"href":"https:\/\/szkolydoktorskie.uwb.edu.pl\/nh\/wp-json\/wp\/v2\/posts\/731","targetHints":{"allow":["GET"]}}],"collection":[{"href":"https:\/\/szkolydoktorskie.uwb.edu.pl\/nh\/wp-json\/wp\/v2\/posts"}],"about":[{"href":"https:\/\/szkolydoktorskie.uwb.edu.pl\/nh\/wp-json\/wp\/v2\/types\/post"}],"author":[{"embeddable":true,"href":"https:\/\/szkolydoktorskie.uwb.edu.pl\/nh\/wp-json\/wp\/v2\/users\/5"}],"replies":[{"embeddable":true,"href":"https:\/\/szkolydoktorskie.uwb.edu.pl\/nh\/wp-json\/wp\/v2\/comments?post=731"}],"version-history":[{"count":3,"href":"https:\/\/szkolydoktorskie.uwb.edu.pl\/nh\/wp-json\/wp\/v2\/posts\/731\/revisions"}],"predecessor-version":[{"id":745,"href":"https:\/\/szkolydoktorskie.uwb.edu.pl\/nh\/wp-json\/wp\/v2\/posts\/731\/revisions\/745"}],"wp:attachment":[{"href":"https:\/\/szkolydoktorskie.uwb.edu.pl\/nh\/wp-json\/wp\/v2\/media?parent=731"}],"wp:term":[{"taxonomy":"category","embeddable":true,"href":"https:\/\/szkolydoktorskie.uwb.edu.pl\/nh\/wp-json\/wp\/v2\/categories?post=731"},{"taxonomy":"post_tag","embeddable":true,"href":"https:\/\/szkolydoktorskie.uwb.edu.pl\/nh\/wp-json\/wp\/v2\/tags?post=731"}],"curies":[{"name":"wp","href":"https:\/\/api.w.org\/{rel}","templated":true}]}}